{"id":2555,"date":"2026-03-03T20:35:52","date_gmt":"2026-03-03T20:35:52","guid":{"rendered":"https:\/\/turismo.cdfdz.gob.mx\/?p=2555"},"modified":"2026-03-09T20:37:09","modified_gmt":"2026-03-09T20:37:09","slug":"reunion-convocada-por-el-comite-del-parque-estatal-media-luna","status":"publish","type":"post","link":"https:\/\/turismo.cdfdz.gob.mx\/?p=2555","title":{"rendered":"Reuni\u00f3n convocada por el comit\u00e9 del Parque Estatal Media Luna"},"content":{"rendered":"\n<p>El d\u00eda de hoy acudimos a la reuni\u00f3n convocada por el comit\u00e9 del Parque Estatal Media Luna, donde autoridades estatales y municipales de la Zona Media definimos el plan regional de trabajo para la pr\u00f3xima temporada vacacional.<\/p>\n\n\n\n<p>Se acord\u00f3 que la capacidad del parque se mantendr\u00e1 igual que el a\u00f1o pasado, con un aforo m\u00e1ximo de 2,275 personas, con el objetivo de garantizar una estancia ordenada y segura para las y los visitantes.<\/p>\n\n\n\n<p>Adem\u00e1s, Ciudad Fern\u00e1ndez estar\u00e1 apoyando durante los d\u00edas santos con la instalaci\u00f3n de un m\u00f3dulo de informaci\u00f3n tur\u00edstica, brindando orientaci\u00f3n y atenci\u00f3n a quienes nos visitan.<\/p>\n\n\n\n<p>El trabajo coordinado permitir\u00e1 ofrecer unas vacaciones organizadas, seguras y con servicios de calidad en nuestra regi\u00f3n.<\/p>\n\n\n\n<figure class=\"wp-block-gallery has-nested-images columns-default is-cropped wp-block-gallery-1 is-layout-flex wp-block-gallery-is-layout-flex\">\n<figure data-wp-context=\"{&quot;imageId&quot;:&quot;69f4a19d59caf&quot;}\" data-wp-interactive=\"core\/image\" data-wp-key=\"69f4a19d59caf\" class=\"wp-block-image size-large wp-lightbox-container\"><img loading=\"lazy\" decoding=\"async\" width=\"1024\" height=\"576\" data-wp-class--hide=\"state.isContentHidden\" data-wp-class--show=\"state.isContentVisible\" data-wp-init=\"callbacks.setButtonStyles\" data-wp-on--click=\"actions.showLightbox\" data-wp-on--load=\"callbacks.setButtonStyles\" data-wp-on-window--resize=\"callbacks.setButtonStyles\" data-id=\"2558\" src=\"https:\/\/turismo.cdfdz.gob.mx\/wp-content\/uploads\/2026\/03\/645635150_122197663088548015_7230795871560995822_n-1024x576.jpg\" alt=\"\" class=\"wp-image-2558\" srcset=\"https:\/\/turismo.cdfdz.gob.mx\/wp-content\/uploads\/2026\/03\/645635150_122197663088548015_7230795871560995822_n-1024x576.jpg 1024w, https:\/\/turismo.cdfdz.gob.mx\/wp-content\/uploads\/2026\/03\/645635150_122197663088548015_7230795871560995822_n-300x169.jpg 300w, https:\/\/turismo.cdfdz.gob.mx\/wp-content\/uploads\/2026\/03\/645635150_122197663088548015_7230795871560995822_n-768x432.jpg 768w, https:\/\/turismo.cdfdz.gob.mx\/wp-content\/uploads\/2026\/03\/645635150_122197663088548015_7230795871560995822_n-1536x864.jpg 1536w, https:\/\/turismo.cdfdz.gob.mx\/wp-content\/uploads\/2026\/03\/645635150_122197663088548015_7230795871560995822_n.jpg 1600w\" sizes=\"auto, (max-width: 1024px) 100vw, 1024px\" \/><button\n\t\t\tclass=\"lightbox-trigger\"\n\t\t\ttype=\"button\"\n\t\t\taria-haspopup=\"dialog\"\n\t\t\taria-label=\"Agrandar\"\n\t\t\tdata-wp-init=\"callbacks.initTriggerButton\"\n\t\t\tdata-wp-on--click=\"actions.showLightbox\"\n\t\t\tdata-wp-style--right=\"state.imageButtonRight\"\n\t\t\tdata-wp-style--top=\"state.imageButtonTop\"\n\t\t>\n\t\t\t<svg xmlns=\"http:\/\/www.w3.org\/2000\/svg\" width=\"12\" height=\"12\" fill=\"none\" viewBox=\"0 0 12 12\">\n\t\t\t\t<path fill=\"#fff\" d=\"M2 0a2 2 0 0 0-2 2v2h1.5V2a.5.5 0 0 1 .5-.5h2V0H2Zm2 10.5H2a.5.5 0 0 1-.5-.5V8H0v2a2 2 0 0 0 2 2h2v-1.5ZM8 12v-1.5h2a.5.5 0 0 0 .5-.5V8H12v2a2 2 0 0 1-2 2H8Zm2-12a2 2 0 0 1 2 2v2h-1.5V2a.5.5 0 0 0-.5-.5H8V0h2Z\" \/>\n\t\t\t<\/svg>\n\t\t<\/button><\/figure>\n\n\n\n<figure data-wp-context=\"{&quot;imageId&quot;:&quot;69f4a19d5a4bc&quot;}\" data-wp-interactive=\"core\/image\" data-wp-key=\"69f4a19d5a4bc\" class=\"wp-block-image size-large wp-lightbox-container\"><img loading=\"lazy\" decoding=\"async\" width=\"1024\" height=\"768\" data-wp-class--hide=\"state.isContentHidden\" data-wp-class--show=\"state.isContentVisible\" data-wp-init=\"callbacks.setButtonStyles\" data-wp-on--click=\"actions.showLightbox\" data-wp-on--load=\"callbacks.setButtonStyles\" data-wp-on-window--resize=\"callbacks.setButtonStyles\" data-id=\"2556\" src=\"https:\/\/turismo.cdfdz.gob.mx\/wp-content\/uploads\/2026\/03\/646042855_122197663100548015_8631734620205299287_n-1024x768.jpg\" alt=\"\" class=\"wp-image-2556\" srcset=\"https:\/\/turismo.cdfdz.gob.mx\/wp-content\/uploads\/2026\/03\/646042855_122197663100548015_8631734620205299287_n-1024x768.jpg 1024w, https:\/\/turismo.cdfdz.gob.mx\/wp-content\/uploads\/2026\/03\/646042855_122197663100548015_8631734620205299287_n-300x225.jpg 300w, https:\/\/turismo.cdfdz.gob.mx\/wp-content\/uploads\/2026\/03\/646042855_122197663100548015_8631734620205299287_n-768x576.jpg 768w, https:\/\/turismo.cdfdz.gob.mx\/wp-content\/uploads\/2026\/03\/646042855_122197663100548015_8631734620205299287_n-1536x1152.jpg 1536w, https:\/\/turismo.cdfdz.gob.mx\/wp-content\/uploads\/2026\/03\/646042855_122197663100548015_8631734620205299287_n.jpg 1600w\" sizes=\"auto, (max-width: 1024px) 100vw, 1024px\" \/><button\n\t\t\tclass=\"lightbox-trigger\"\n\t\t\ttype=\"button\"\n\t\t\taria-haspopup=\"dialog\"\n\t\t\taria-label=\"Agrandar\"\n\t\t\tdata-wp-init=\"callbacks.initTriggerButton\"\n\t\t\tdata-wp-on--click=\"actions.showLightbox\"\n\t\t\tdata-wp-style--right=\"state.imageButtonRight\"\n\t\t\tdata-wp-style--top=\"state.imageButtonTop\"\n\t\t>\n\t\t\t<svg xmlns=\"http:\/\/www.w3.org\/2000\/svg\" width=\"12\" height=\"12\" fill=\"none\" viewBox=\"0 0 12 12\">\n\t\t\t\t<path fill=\"#fff\" d=\"M2 0a2 2 0 0 0-2 2v2h1.5V2a.5.5 0 0 1 .5-.5h2V0H2Zm2 10.5H2a.5.5 0 0 1-.5-.5V8H0v2a2 2 0 0 0 2 2h2v-1.5ZM8 12v-1.5h2a.5.5 0 0 0 .5-.5V8H12v2a2 2 0 0 1-2 2H8Zm2-12a2 2 0 0 1 2 2v2h-1.5V2a.5.5 0 0 0-.5-.5H8V0h2Z\" \/>\n\t\t\t<\/svg>\n\t\t<\/button><\/figure>\n<\/figure>\n\n\n\n<p><\/p>\n","protected":false},"excerpt":{"rendered":"<p>El d\u00eda de hoy acudimos a la reuni\u00f3n convocada por el comit\u00e9 del Parque Estatal Media Luna, donde<\/p>\n","protected":false},"author":3,"featured_media":0,"comment_status":"closed","ping_status":"open","sticky":false,"template":"","format":"standard","meta":{"_uag_custom_page_level_css":"","footnotes":""},"categories":[52,1],"tags":[],"class_list":["post-2555","post","type-post","status-publish","format-standard","hentry","category-parajes-turisticos","category-sin-categoria"],"featured_image_urls":{"full":"","thumbnail":"","medium":"","medium_large":"","large":"","1536x1536":"","2048x2048":"","morenews-featured":"","morenews-large":"","morenews-medium":""},"author_info":{"info":["admin"]},"category_info":"<a href=\"https:\/\/turismo.cdfdz.gob.mx\/?cat=52\" rel=\"category\">Parajes Tur\u00edsticos<\/a> <a href=\"https:\/\/turismo.cdfdz.gob.mx\/?cat=1\" rel=\"category\">Sin categor\u00eda<\/a>","tag_info":"Sin categor\u00eda","comment_count":"0","uagb_featured_image_src":{"full":false,"thumbnail":false,"medium":false,"medium_large":false,"large":false,"1536x1536":false,"2048x2048":false,"morenews-featured":false,"morenews-large":false,"morenews-medium":false},"uagb_author_info":{"display_name":"admin","author_link":"https:\/\/turismo.cdfdz.gob.mx\/?author=3"},"uagb_comment_info":0,"uagb_excerpt":"El d\u00eda de hoy acudimos a la reuni\u00f3n convocada por el comit\u00e9 del Parque Estatal Media Luna, donde","_links":{"self":[{"href":"https:\/\/turismo.cdfdz.gob.mx\/index.php?rest_route=\/wp\/v2\/posts\/2555","targetHints":{"allow":["GET"]}}],"collection":[{"href":"https:\/\/turismo.cdfdz.gob.mx\/index.php?rest_route=\/wp\/v2\/posts"}],"about":[{"href":"https:\/\/turismo.cdfdz.gob.mx\/index.php?rest_route=\/wp\/v2\/types\/post"}],"author":[{"embeddable":true,"href":"https:\/\/turismo.cdfdz.gob.mx\/index.php?rest_route=\/wp\/v2\/users\/3"}],"replies":[{"embeddable":true,"href":"https:\/\/turismo.cdfdz.gob.mx\/index.php?rest_route=%2Fwp%2Fv2%2Fcomments&post=2555"}],"version-history":[{"count":1,"href":"https:\/\/turismo.cdfdz.gob.mx\/index.php?rest_route=\/wp\/v2\/posts\/2555\/revisions"}],"predecessor-version":[{"id":2559,"href":"https:\/\/turismo.cdfdz.gob.mx\/index.php?rest_route=\/wp\/v2\/posts\/2555\/revisions\/2559"}],"wp:attachment":[{"href":"https:\/\/turismo.cdfdz.gob.mx\/index.php?rest_route=%2Fwp%2Fv2%2Fmedia&parent=2555"}],"wp:term":[{"taxonomy":"category","embeddable":true,"href":"https:\/\/turismo.cdfdz.gob.mx\/index.php?rest_route=%2Fwp%2Fv2%2Fcategories&post=2555"},{"taxonomy":"post_tag","embeddable":true,"href":"https:\/\/turismo.cdfdz.gob.mx\/index.php?rest_route=%2Fwp%2Fv2%2Ftags&post=2555"}],"curies":[{"name":"wp","href":"https:\/\/api.w.org\/{rel}","templated":true}]}}