{"id":1156,"date":"2025-07-04T17:58:08","date_gmt":"2025-07-04T17:58:08","guid":{"rendered":"https:\/\/turismo.cdfdz.gob.mx\/?p=1156"},"modified":"2025-07-08T17:01:29","modified_gmt":"2025-07-08T17:01:29","slug":"el-refugio","status":"publish","type":"post","link":"https:\/\/turismo.cdfdz.gob.mx\/?p=1156","title":{"rendered":"El Refugio, Ciudad Fern\u00e1ndez, S.L.P."},"content":{"rendered":"\n<p>La historia de El Refugio est\u00e1 estrechamente vinculada con la de Ciudad Fern\u00e1ndez. En 1694, al autorizarse la fundaci\u00f3n de la Villa de espa\u00f1oles, se les concedi\u00f3 un territorio de 2 leguas por cada viento, excepto por el este, que estaba ocupado por la Misi\u00f3n de Santa Catarina Virgen y M\u00e1rtir del R\u00edo Verde. El territorio de la nueva Villa se extend\u00eda hacia el norte hasta el Llano, hacia el poniente abarcaba hasta el rancho conocido como San Pablo, y hacia el sur llegaba a los territorios de la congregaci\u00f3n o rancho de Los Callejones.<\/p>\n\n\n\n<p>En el libro &#8220;5 haciendas mexicanas&#8221; del autor Jan Bazant, se menciona a Callejones como una poblaci\u00f3n campesina cerca de los l\u00edmites de la Hacienda de San Diego en 1822. Existe un croquis de 1829 en el Archivo Hist\u00f3rico de Ciudad Fern\u00e1ndez que muestra la ubicaci\u00f3n de la Congregaci\u00f3n de Los Callejones. En 1890, se consideraba la construcci\u00f3n de una plaza en el lugar, seg\u00fan consta en una sesi\u00f3n de cabildo del mismo a\u00f1o.<\/p>\n\n\n\n<p>El actual ejido de El Refugio Ciudad Fern\u00e1ndez est\u00e1 dividido en seis barrios y anexos; destacando como uno de los ejidos m\u00e1s prospero del Estado de San Luis potos\u00ed por la riqueza de sus tierras y su gran producci\u00f3n de c\u00edtricos, ma\u00edz, tomate, chile y otros m\u00e1s vegetales.<\/p>\n\n\n\n<p><em>Fuente: Archivo Hist\u00f3rico CDFDZ<\/em><\/p>\n\n\n\n<figure class=\"wp-block-gallery has-nested-images columns-default is-cropped wp-block-gallery-1 is-layout-flex wp-block-gallery-is-layout-flex\">\n<figure data-wp-context=\"{&quot;imageId&quot;:&quot;69f5181277cbe&quot;}\" data-wp-interactive=\"core\/image\" data-wp-key=\"69f5181277cbe\" class=\"wp-block-image size-large wp-lightbox-container\"><img loading=\"lazy\" decoding=\"async\" width=\"1024\" height=\"576\" data-wp-class--hide=\"state.isContentHidden\" data-wp-class--show=\"state.isContentVisible\" data-wp-init=\"callbacks.setButtonStyles\" data-wp-on--click=\"actions.showLightbox\" data-wp-on--load=\"callbacks.setButtonStyles\" data-wp-on-window--resize=\"callbacks.setButtonStyles\" data-id=\"1170\" src=\"https:\/\/turismo.cdfdz.gob.mx\/wp-content\/uploads\/2025\/07\/DJI_0128-1024x576.jpg\" alt=\"\" class=\"wp-image-1170\" srcset=\"https:\/\/turismo.cdfdz.gob.mx\/wp-content\/uploads\/2025\/07\/DJI_0128-1024x576.jpg 1024w, https:\/\/turismo.cdfdz.gob.mx\/wp-content\/uploads\/2025\/07\/DJI_0128-300x169.jpg 300w, https:\/\/turismo.cdfdz.gob.mx\/wp-content\/uploads\/2025\/07\/DJI_0128-768x432.jpg 768w, https:\/\/turismo.cdfdz.gob.mx\/wp-content\/uploads\/2025\/07\/DJI_0128-1536x864.jpg 1536w, https:\/\/turismo.cdfdz.gob.mx\/wp-content\/uploads\/2025\/07\/DJI_0128-2048x1152.jpg 2048w\" sizes=\"auto, (max-width: 1024px) 100vw, 1024px\" \/><button\n\t\t\tclass=\"lightbox-trigger\"\n\t\t\ttype=\"button\"\n\t\t\taria-haspopup=\"dialog\"\n\t\t\taria-label=\"Agrandar\"\n\t\t\tdata-wp-init=\"callbacks.initTriggerButton\"\n\t\t\tdata-wp-on--click=\"actions.showLightbox\"\n\t\t\tdata-wp-style--right=\"state.imageButtonRight\"\n\t\t\tdata-wp-style--top=\"state.imageButtonTop\"\n\t\t>\n\t\t\t<svg xmlns=\"http:\/\/www.w3.org\/2000\/svg\" width=\"12\" height=\"12\" fill=\"none\" viewBox=\"0 0 12 12\">\n\t\t\t\t<path fill=\"#fff\" d=\"M2 0a2 2 0 0 0-2 2v2h1.5V2a.5.5 0 0 1 .5-.5h2V0H2Zm2 10.5H2a.5.5 0 0 1-.5-.5V8H0v2a2 2 0 0 0 2 2h2v-1.5ZM8 12v-1.5h2a.5.5 0 0 0 .5-.5V8H12v2a2 2 0 0 1-2 2H8Zm2-12a2 2 0 0 1 2 2v2h-1.5V2a.5.5 0 0 0-.5-.5H8V0h2Z\" \/>\n\t\t\t<\/svg>\n\t\t<\/button><\/figure>\n<\/figure>\n\n\n\n<figure class=\"wp-block-gallery has-nested-images columns-default is-cropped wp-block-gallery-2 is-layout-flex wp-block-gallery-is-layout-flex\">\n<figure data-wp-context=\"{&quot;imageId&quot;:&quot;69f518127a128&quot;}\" data-wp-interactive=\"core\/image\" data-wp-key=\"69f518127a128\" class=\"wp-block-image size-large wp-lightbox-container\"><img loading=\"lazy\" decoding=\"async\" width=\"575\" height=\"1024\" data-wp-class--hide=\"state.isContentHidden\" data-wp-class--show=\"state.isContentVisible\" data-wp-init=\"callbacks.setButtonStyles\" data-wp-on--click=\"actions.showLightbox\" data-wp-on--load=\"callbacks.setButtonStyles\" data-wp-on-window--resize=\"callbacks.setButtonStyles\" data-id=\"1180\" src=\"https:\/\/turismo.cdfdz.gob.mx\/wp-content\/uploads\/2025\/07\/WhatsApp-Image-2025-07-04-at-11.55.54-AM-575x1024.jpeg\" alt=\"\" class=\"wp-image-1180\" srcset=\"https:\/\/turismo.cdfdz.gob.mx\/wp-content\/uploads\/2025\/07\/WhatsApp-Image-2025-07-04-at-11.55.54-AM-575x1024.jpeg 575w, https:\/\/turismo.cdfdz.gob.mx\/wp-content\/uploads\/2025\/07\/WhatsApp-Image-2025-07-04-at-11.55.54-AM-168x300.jpeg 168w, https:\/\/turismo.cdfdz.gob.mx\/wp-content\/uploads\/2025\/07\/WhatsApp-Image-2025-07-04-at-11.55.54-AM-768x1368.jpeg 768w, https:\/\/turismo.cdfdz.gob.mx\/wp-content\/uploads\/2025\/07\/WhatsApp-Image-2025-07-04-at-11.55.54-AM-862x1536.jpeg 862w, https:\/\/turismo.cdfdz.gob.mx\/wp-content\/uploads\/2025\/07\/WhatsApp-Image-2025-07-04-at-11.55.54-AM.jpeg 898w\" sizes=\"auto, (max-width: 575px) 100vw, 575px\" \/><button\n\t\t\tclass=\"lightbox-trigger\"\n\t\t\ttype=\"button\"\n\t\t\taria-haspopup=\"dialog\"\n\t\t\taria-label=\"Agrandar\"\n\t\t\tdata-wp-init=\"callbacks.initTriggerButton\"\n\t\t\tdata-wp-on--click=\"actions.showLightbox\"\n\t\t\tdata-wp-style--right=\"state.imageButtonRight\"\n\t\t\tdata-wp-style--top=\"state.imageButtonTop\"\n\t\t>\n\t\t\t<svg xmlns=\"http:\/\/www.w3.org\/2000\/svg\" width=\"12\" height=\"12\" fill=\"none\" viewBox=\"0 0 12 12\">\n\t\t\t\t<path fill=\"#fff\" d=\"M2 0a2 2 0 0 0-2 2v2h1.5V2a.5.5 0 0 1 .5-.5h2V0H2Zm2 10.5H2a.5.5 0 0 1-.5-.5V8H0v2a2 2 0 0 0 2 2h2v-1.5ZM8 12v-1.5h2a.5.5 0 0 0 .5-.5V8H12v2a2 2 0 0 1-2 2H8Zm2-12a2 2 0 0 1 2 2v2h-1.5V2a.5.5 0 0 0-.5-.5H8V0h2Z\" \/>\n\t\t\t<\/svg>\n\t\t<\/button><\/figure>\n\n\n\n<figure data-wp-context=\"{&quot;imageId&quot;:&quot;69f518127accb&quot;}\" data-wp-interactive=\"core\/image\" data-wp-key=\"69f518127accb\" class=\"wp-block-image size-large wp-lightbox-container\"><img loading=\"lazy\" decoding=\"async\" width=\"1024\" height=\"575\" data-wp-class--hide=\"state.isContentHidden\" data-wp-class--show=\"state.isContentVisible\" data-wp-init=\"callbacks.setButtonStyles\" data-wp-on--click=\"actions.showLightbox\" data-wp-on--load=\"callbacks.setButtonStyles\" data-wp-on-window--resize=\"callbacks.setButtonStyles\" data-id=\"1184\" src=\"https:\/\/turismo.cdfdz.gob.mx\/wp-content\/uploads\/2025\/07\/WhatsApp-Image-2025-07-04-at-11.55.22-AM-4-1024x575.jpeg\" alt=\"\" class=\"wp-image-1184\" srcset=\"https:\/\/turismo.cdfdz.gob.mx\/wp-content\/uploads\/2025\/07\/WhatsApp-Image-2025-07-04-at-11.55.22-AM-4-1024x575.jpeg 1024w, https:\/\/turismo.cdfdz.gob.mx\/wp-content\/uploads\/2025\/07\/WhatsApp-Image-2025-07-04-at-11.55.22-AM-4-300x168.jpeg 300w, https:\/\/turismo.cdfdz.gob.mx\/wp-content\/uploads\/2025\/07\/WhatsApp-Image-2025-07-04-at-11.55.22-AM-4-768x431.jpeg 768w, https:\/\/turismo.cdfdz.gob.mx\/wp-content\/uploads\/2025\/07\/WhatsApp-Image-2025-07-04-at-11.55.22-AM-4-1536x862.jpeg 1536w, https:\/\/turismo.cdfdz.gob.mx\/wp-content\/uploads\/2025\/07\/WhatsApp-Image-2025-07-04-at-11.55.22-AM-4.jpeg 1600w\" sizes=\"auto, (max-width: 1024px) 100vw, 1024px\" \/><button\n\t\t\tclass=\"lightbox-trigger\"\n\t\t\ttype=\"button\"\n\t\t\taria-haspopup=\"dialog\"\n\t\t\taria-label=\"Agrandar\"\n\t\t\tdata-wp-init=\"callbacks.initTriggerButton\"\n\t\t\tdata-wp-on--click=\"actions.showLightbox\"\n\t\t\tdata-wp-style--right=\"state.imageButtonRight\"\n\t\t\tdata-wp-style--top=\"state.imageButtonTop\"\n\t\t>\n\t\t\t<svg xmlns=\"http:\/\/www.w3.org\/2000\/svg\" width=\"12\" height=\"12\" fill=\"none\" viewBox=\"0 0 12 12\">\n\t\t\t\t<path fill=\"#fff\" d=\"M2 0a2 2 0 0 0-2 2v2h1.5V2a.5.5 0 0 1 .5-.5h2V0H2Zm2 10.5H2a.5.5 0 0 1-.5-.5V8H0v2a2 2 0 0 0 2 2h2v-1.5ZM8 12v-1.5h2a.5.5 0 0 0 .5-.5V8H12v2a2 2 0 0 1-2 2H8Zm2-12a2 2 0 0 1 2 2v2h-1.5V2a.5.5 0 0 0-.5-.5H8V0h2Z\" \/>\n\t\t\t<\/svg>\n\t\t<\/button><\/figure>\n\n\n\n<figure data-wp-context=\"{&quot;imageId&quot;:&quot;69f518127b879&quot;}\" data-wp-interactive=\"core\/image\" data-wp-key=\"69f518127b879\" class=\"wp-block-image size-large wp-lightbox-container\"><img loading=\"lazy\" decoding=\"async\" width=\"575\" height=\"1024\" data-wp-class--hide=\"state.isContentHidden\" data-wp-class--show=\"state.isContentVisible\" data-wp-init=\"callbacks.setButtonStyles\" data-wp-on--click=\"actions.showLightbox\" data-wp-on--load=\"callbacks.setButtonStyles\" data-wp-on-window--resize=\"callbacks.setButtonStyles\" data-id=\"1181\" src=\"https:\/\/turismo.cdfdz.gob.mx\/wp-content\/uploads\/2025\/07\/WhatsApp-Image-2025-07-04-at-11.55.22-AM-3-575x1024.jpeg\" alt=\"\" class=\"wp-image-1181\" srcset=\"https:\/\/turismo.cdfdz.gob.mx\/wp-content\/uploads\/2025\/07\/WhatsApp-Image-2025-07-04-at-11.55.22-AM-3-575x1024.jpeg 575w, https:\/\/turismo.cdfdz.gob.mx\/wp-content\/uploads\/2025\/07\/WhatsApp-Image-2025-07-04-at-11.55.22-AM-3-168x300.jpeg 168w, https:\/\/turismo.cdfdz.gob.mx\/wp-content\/uploads\/2025\/07\/WhatsApp-Image-2025-07-04-at-11.55.22-AM-3-768x1368.jpeg 768w, https:\/\/turismo.cdfdz.gob.mx\/wp-content\/uploads\/2025\/07\/WhatsApp-Image-2025-07-04-at-11.55.22-AM-3-862x1536.jpeg 862w, https:\/\/turismo.cdfdz.gob.mx\/wp-content\/uploads\/2025\/07\/WhatsApp-Image-2025-07-04-at-11.55.22-AM-3.jpeg 898w\" sizes=\"auto, (max-width: 575px) 100vw, 575px\" \/><button\n\t\t\tclass=\"lightbox-trigger\"\n\t\t\ttype=\"button\"\n\t\t\taria-haspopup=\"dialog\"\n\t\t\taria-label=\"Agrandar\"\n\t\t\tdata-wp-init=\"callbacks.initTriggerButton\"\n\t\t\tdata-wp-on--click=\"actions.showLightbox\"\n\t\t\tdata-wp-style--right=\"state.imageButtonRight\"\n\t\t\tdata-wp-style--top=\"state.imageButtonTop\"\n\t\t>\n\t\t\t<svg xmlns=\"http:\/\/www.w3.org\/2000\/svg\" width=\"12\" height=\"12\" fill=\"none\" viewBox=\"0 0 12 12\">\n\t\t\t\t<path fill=\"#fff\" d=\"M2 0a2 2 0 0 0-2 2v2h1.5V2a.5.5 0 0 1 .5-.5h2V0H2Zm2 10.5H2a.5.5 0 0 1-.5-.5V8H0v2a2 2 0 0 0 2 2h2v-1.5ZM8 12v-1.5h2a.5.5 0 0 0 .5-.5V8H12v2a2 2 0 0 1-2 2H8Zm2-12a2 2 0 0 1 2 2v2h-1.5V2a.5.5 0 0 0-.5-.5H8V0h2Z\" \/>\n\t\t\t<\/svg>\n\t\t<\/button><\/figure>\n\n\n\n<figure data-wp-context=\"{&quot;imageId&quot;:&quot;69f518127c41c&quot;}\" data-wp-interactive=\"core\/image\" data-wp-key=\"69f518127c41c\" class=\"wp-block-image size-large wp-lightbox-container\"><img loading=\"lazy\" decoding=\"async\" width=\"575\" height=\"1024\" data-wp-class--hide=\"state.isContentHidden\" data-wp-class--show=\"state.isContentVisible\" data-wp-init=\"callbacks.setButtonStyles\" data-wp-on--click=\"actions.showLightbox\" data-wp-on--load=\"callbacks.setButtonStyles\" data-wp-on-window--resize=\"callbacks.setButtonStyles\" data-id=\"1185\" src=\"https:\/\/turismo.cdfdz.gob.mx\/wp-content\/uploads\/2025\/07\/WhatsApp-Image-2025-07-04-at-11.55.22-AM-1-575x1024.jpeg\" alt=\"\" class=\"wp-image-1185\" srcset=\"https:\/\/turismo.cdfdz.gob.mx\/wp-content\/uploads\/2025\/07\/WhatsApp-Image-2025-07-04-at-11.55.22-AM-1-575x1024.jpeg 575w, https:\/\/turismo.cdfdz.gob.mx\/wp-content\/uploads\/2025\/07\/WhatsApp-Image-2025-07-04-at-11.55.22-AM-1-168x300.jpeg 168w, https:\/\/turismo.cdfdz.gob.mx\/wp-content\/uploads\/2025\/07\/WhatsApp-Image-2025-07-04-at-11.55.22-AM-1-768x1368.jpeg 768w, https:\/\/turismo.cdfdz.gob.mx\/wp-content\/uploads\/2025\/07\/WhatsApp-Image-2025-07-04-at-11.55.22-AM-1-862x1536.jpeg 862w, https:\/\/turismo.cdfdz.gob.mx\/wp-content\/uploads\/2025\/07\/WhatsApp-Image-2025-07-04-at-11.55.22-AM-1.jpeg 898w\" sizes=\"auto, (max-width: 575px) 100vw, 575px\" \/><button\n\t\t\tclass=\"lightbox-trigger\"\n\t\t\ttype=\"button\"\n\t\t\taria-haspopup=\"dialog\"\n\t\t\taria-label=\"Agrandar\"\n\t\t\tdata-wp-init=\"callbacks.initTriggerButton\"\n\t\t\tdata-wp-on--click=\"actions.showLightbox\"\n\t\t\tdata-wp-style--right=\"state.imageButtonRight\"\n\t\t\tdata-wp-style--top=\"state.imageButtonTop\"\n\t\t>\n\t\t\t<svg xmlns=\"http:\/\/www.w3.org\/2000\/svg\" width=\"12\" height=\"12\" fill=\"none\" viewBox=\"0 0 12 12\">\n\t\t\t\t<path fill=\"#fff\" d=\"M2 0a2 2 0 0 0-2 2v2h1.5V2a.5.5 0 0 1 .5-.5h2V0H2Zm2 10.5H2a.5.5 0 0 1-.5-.5V8H0v2a2 2 0 0 0 2 2h2v-1.5ZM8 12v-1.5h2a.5.5 0 0 0 .5-.5V8H12v2a2 2 0 0 1-2 2H8Zm2-12a2 2 0 0 1 2 2v2h-1.5V2a.5.5 0 0 0-.5-.5H8V0h2Z\" \/>\n\t\t\t<\/svg>\n\t\t<\/button><\/figure>\n\n\n\n<figure data-wp-context=\"{&quot;imageId&quot;:&quot;69f518127cfc5&quot;}\" data-wp-interactive=\"core\/image\" data-wp-key=\"69f518127cfc5\" class=\"wp-block-image size-large wp-lightbox-container\"><img loading=\"lazy\" decoding=\"async\" width=\"1024\" height=\"682\" data-wp-class--hide=\"state.isContentHidden\" data-wp-class--show=\"state.isContentVisible\" data-wp-init=\"callbacks.setButtonStyles\" data-wp-on--click=\"actions.showLightbox\" data-wp-on--load=\"callbacks.setButtonStyles\" data-wp-on-window--resize=\"callbacks.setButtonStyles\" data-id=\"1183\" src=\"https:\/\/turismo.cdfdz.gob.mx\/wp-content\/uploads\/2025\/07\/WhatsApp-Image-2025-07-04-at-11.55.22-AM-1024x682.jpeg\" alt=\"\" class=\"wp-image-1183\" srcset=\"https:\/\/turismo.cdfdz.gob.mx\/wp-content\/uploads\/2025\/07\/WhatsApp-Image-2025-07-04-at-11.55.22-AM-1024x682.jpeg 1024w, https:\/\/turismo.cdfdz.gob.mx\/wp-content\/uploads\/2025\/07\/WhatsApp-Image-2025-07-04-at-11.55.22-AM-300x200.jpeg 300w, https:\/\/turismo.cdfdz.gob.mx\/wp-content\/uploads\/2025\/07\/WhatsApp-Image-2025-07-04-at-11.55.22-AM-768x512.jpeg 768w, https:\/\/turismo.cdfdz.gob.mx\/wp-content\/uploads\/2025\/07\/WhatsApp-Image-2025-07-04-at-11.55.22-AM-1536x1023.jpeg 1536w, https:\/\/turismo.cdfdz.gob.mx\/wp-content\/uploads\/2025\/07\/WhatsApp-Image-2025-07-04-at-11.55.22-AM.jpeg 1600w\" sizes=\"auto, (max-width: 1024px) 100vw, 1024px\" \/><button\n\t\t\tclass=\"lightbox-trigger\"\n\t\t\ttype=\"button\"\n\t\t\taria-haspopup=\"dialog\"\n\t\t\taria-label=\"Agrandar\"\n\t\t\tdata-wp-init=\"callbacks.initTriggerButton\"\n\t\t\tdata-wp-on--click=\"actions.showLightbox\"\n\t\t\tdata-wp-style--right=\"state.imageButtonRight\"\n\t\t\tdata-wp-style--top=\"state.imageButtonTop\"\n\t\t>\n\t\t\t<svg xmlns=\"http:\/\/www.w3.org\/2000\/svg\" width=\"12\" height=\"12\" fill=\"none\" viewBox=\"0 0 12 12\">\n\t\t\t\t<path fill=\"#fff\" d=\"M2 0a2 2 0 0 0-2 2v2h1.5V2a.5.5 0 0 1 .5-.5h2V0H2Zm2 10.5H2a.5.5 0 0 1-.5-.5V8H0v2a2 2 0 0 0 2 2h2v-1.5ZM8 12v-1.5h2a.5.5 0 0 0 .5-.5V8H12v2a2 2 0 0 1-2 2H8Zm2-12a2 2 0 0 1 2 2v2h-1.5V2a.5.5 0 0 0-.5-.5H8V0h2Z\" \/>\n\t\t\t<\/svg>\n\t\t<\/button><\/figure>\n<\/figure>\n\n\n\n<figure class=\"wp-block-gallery has-nested-images columns-default is-cropped wp-block-gallery-3 is-layout-flex wp-block-gallery-is-layout-flex\">\n<figure data-wp-context=\"{&quot;imageId&quot;:&quot;69f518127df30&quot;}\" data-wp-interactive=\"core\/image\" data-wp-key=\"69f518127df30\" class=\"wp-block-image size-large wp-lightbox-container\"><img loading=\"lazy\" decoding=\"async\" width=\"1024\" height=\"575\" data-wp-class--hide=\"state.isContentHidden\" data-wp-class--show=\"state.isContentVisible\" data-wp-init=\"callbacks.setButtonStyles\" data-wp-on--click=\"actions.showLightbox\" data-wp-on--load=\"callbacks.setButtonStyles\" data-wp-on-window--resize=\"callbacks.setButtonStyles\" data-id=\"2023\" src=\"https:\/\/turismo.cdfdz.gob.mx\/wp-content\/uploads\/2025\/07\/letras-El-Refugio-1024x575.jpg\" alt=\"\" class=\"wp-image-2023\" srcset=\"https:\/\/turismo.cdfdz.gob.mx\/wp-content\/uploads\/2025\/07\/letras-El-Refugio-1024x575.jpg 1024w, https:\/\/turismo.cdfdz.gob.mx\/wp-content\/uploads\/2025\/07\/letras-El-Refugio-300x169.jpg 300w, https:\/\/turismo.cdfdz.gob.mx\/wp-content\/uploads\/2025\/07\/letras-El-Refugio-768x431.jpg 768w, https:\/\/turismo.cdfdz.gob.mx\/wp-content\/uploads\/2025\/07\/letras-El-Refugio.jpg 1280w\" sizes=\"auto, (max-width: 1024px) 100vw, 1024px\" \/><button\n\t\t\tclass=\"lightbox-trigger\"\n\t\t\ttype=\"button\"\n\t\t\taria-haspopup=\"dialog\"\n\t\t\taria-label=\"Agrandar\"\n\t\t\tdata-wp-init=\"callbacks.initTriggerButton\"\n\t\t\tdata-wp-on--click=\"actions.showLightbox\"\n\t\t\tdata-wp-style--right=\"state.imageButtonRight\"\n\t\t\tdata-wp-style--top=\"state.imageButtonTop\"\n\t\t>\n\t\t\t<svg xmlns=\"http:\/\/www.w3.org\/2000\/svg\" width=\"12\" height=\"12\" fill=\"none\" viewBox=\"0 0 12 12\">\n\t\t\t\t<path fill=\"#fff\" d=\"M2 0a2 2 0 0 0-2 2v2h1.5V2a.5.5 0 0 1 .5-.5h2V0H2Zm2 10.5H2a.5.5 0 0 1-.5-.5V8H0v2a2 2 0 0 0 2 2h2v-1.5ZM8 12v-1.5h2a.5.5 0 0 0 .5-.5V8H12v2a2 2 0 0 1-2 2H8Zm2-12a2 2 0 0 1 2 2v2h-1.5V2a.5.5 0 0 0-.5-.5H8V0h2Z\" \/>\n\t\t\t<\/svg>\n\t\t<\/button><\/figure>\n<\/figure>\n\n\n\n<figure class=\"wp-block-gallery has-nested-images columns-default is-cropped wp-block-gallery-4 is-layout-flex wp-block-gallery-is-layout-flex\">\n<figure data-wp-context=\"{&quot;imageId&quot;:&quot;69f518127eed6&quot;}\" data-wp-interactive=\"core\/image\" data-wp-key=\"69f518127eed6\" class=\"wp-block-image size-large wp-lightbox-container\"><img loading=\"lazy\" decoding=\"async\" width=\"1024\" height=\"683\" data-wp-class--hide=\"state.isContentHidden\" data-wp-class--show=\"state.isContentVisible\" data-wp-init=\"callbacks.setButtonStyles\" data-wp-on--click=\"actions.showLightbox\" data-wp-on--load=\"callbacks.setButtonStyles\" data-wp-on-window--resize=\"callbacks.setButtonStyles\" data-id=\"2024\" src=\"https:\/\/turismo.cdfdz.gob.mx\/wp-content\/uploads\/2025\/07\/kiosco-el-refugio-1024x683.jpg\" alt=\"\" class=\"wp-image-2024\" srcset=\"https:\/\/turismo.cdfdz.gob.mx\/wp-content\/uploads\/2025\/07\/kiosco-el-refugio-1024x683.jpg 1024w, https:\/\/turismo.cdfdz.gob.mx\/wp-content\/uploads\/2025\/07\/kiosco-el-refugio-300x200.jpg 300w, https:\/\/turismo.cdfdz.gob.mx\/wp-content\/uploads\/2025\/07\/kiosco-el-refugio-768x512.jpg 768w, https:\/\/turismo.cdfdz.gob.mx\/wp-content\/uploads\/2025\/07\/kiosco-el-refugio-1536x1024.jpg 1536w, https:\/\/turismo.cdfdz.gob.mx\/wp-content\/uploads\/2025\/07\/kiosco-el-refugio.jpg 2048w\" sizes=\"auto, (max-width: 1024px) 100vw, 1024px\" \/><button\n\t\t\tclass=\"lightbox-trigger\"\n\t\t\ttype=\"button\"\n\t\t\taria-haspopup=\"dialog\"\n\t\t\taria-label=\"Agrandar\"\n\t\t\tdata-wp-init=\"callbacks.initTriggerButton\"\n\t\t\tdata-wp-on--click=\"actions.showLightbox\"\n\t\t\tdata-wp-style--right=\"state.imageButtonRight\"\n\t\t\tdata-wp-style--top=\"state.imageButtonTop\"\n\t\t>\n\t\t\t<svg xmlns=\"http:\/\/www.w3.org\/2000\/svg\" width=\"12\" height=\"12\" fill=\"none\" viewBox=\"0 0 12 12\">\n\t\t\t\t<path fill=\"#fff\" d=\"M2 0a2 2 0 0 0-2 2v2h1.5V2a.5.5 0 0 1 .5-.5h2V0H2Zm2 10.5H2a.5.5 0 0 1-.5-.5V8H0v2a2 2 0 0 0 2 2h2v-1.5ZM8 12v-1.5h2a.5.5 0 0 0 .5-.5V8H12v2a2 2 0 0 1-2 2H8Zm2-12a2 2 0 0 1 2 2v2h-1.5V2a.5.5 0 0 0-.5-.5H8V0h2Z\" \/>\n\t\t\t<\/svg>\n\t\t<\/button><\/figure>\n<\/figure>\n","protected":false},"excerpt":{"rendered":"<p>La historia de El Refugio est\u00e1 estrechamente vinculada con la de Ciudad Fern\u00e1ndez. En 1694, al autorizarse la<\/p>\n","protected":false},"author":3,"featured_media":1182,"comment_status":"closed","ping_status":"open","sticky":false,"template":"","format":"standard","meta":{"_uag_custom_page_level_css":"","footnotes":""},"categories":[5],"tags":[],"class_list":["post-1156","post","type-post","status-publish","format-standard","has-post-thumbnail","hentry","category-el-refugio"],"featured_image_urls":{"full":["https:\/\/turismo.cdfdz.gob.mx\/wp-content\/uploads\/2025\/07\/WhatsApp-Image-2025-07-04-at-11.55.22-AM-2.jpeg",1600,898,false],"thumbnail":["https:\/\/turismo.cdfdz.gob.mx\/wp-content\/uploads\/2025\/07\/WhatsApp-Image-2025-07-04-at-11.55.22-AM-2-150x150.jpeg",150,150,true],"medium":["https:\/\/turismo.cdfdz.gob.mx\/wp-content\/uploads\/2025\/07\/WhatsApp-Image-2025-07-04-at-11.55.22-AM-2-300x168.jpeg",300,168,true],"medium_large":["https:\/\/turismo.cdfdz.gob.mx\/wp-content\/uploads\/2025\/07\/WhatsApp-Image-2025-07-04-at-11.55.22-AM-2-768x431.jpeg",640,359,true],"large":["https:\/\/turismo.cdfdz.gob.mx\/wp-content\/uploads\/2025\/07\/WhatsApp-Image-2025-07-04-at-11.55.22-AM-2-1024x575.jpeg",640,359,true],"1536x1536":["https:\/\/turismo.cdfdz.gob.mx\/wp-content\/uploads\/2025\/07\/WhatsApp-Image-2025-07-04-at-11.55.22-AM-2-1536x862.jpeg",1536,862,true],"2048x2048":["https:\/\/turismo.cdfdz.gob.mx\/wp-content\/uploads\/2025\/07\/WhatsApp-Image-2025-07-04-at-11.55.22-AM-2.jpeg",1600,898,false],"morenews-featured":["https:\/\/turismo.cdfdz.gob.mx\/wp-content\/uploads\/2025\/07\/WhatsApp-Image-2025-07-04-at-11.55.22-AM-2-1024x575.jpeg",1024,575,true],"morenews-large":["https:\/\/turismo.cdfdz.gob.mx\/wp-content\/uploads\/2025\/07\/WhatsApp-Image-2025-07-04-at-11.55.22-AM-2-825x575.jpeg",825,575,true],"morenews-medium":["https:\/\/turismo.cdfdz.gob.mx\/wp-content\/uploads\/2025\/07\/WhatsApp-Image-2025-07-04-at-11.55.22-AM-2-590x410.jpeg",590,410,true]},"author_info":{"info":["admin"]},"category_info":"<a href=\"https:\/\/turismo.cdfdz.gob.mx\/?cat=5\" rel=\"category\">El Refugio<\/a>","tag_info":"El Refugio","comment_count":"0","uagb_featured_image_src":{"full":["https:\/\/turismo.cdfdz.gob.mx\/wp-content\/uploads\/2025\/07\/WhatsApp-Image-2025-07-04-at-11.55.22-AM-2.jpeg",1600,898,false],"thumbnail":["https:\/\/turismo.cdfdz.gob.mx\/wp-content\/uploads\/2025\/07\/WhatsApp-Image-2025-07-04-at-11.55.22-AM-2-150x150.jpeg",150,150,true],"medium":["https:\/\/turismo.cdfdz.gob.mx\/wp-content\/uploads\/2025\/07\/WhatsApp-Image-2025-07-04-at-11.55.22-AM-2-300x168.jpeg",300,168,true],"medium_large":["https:\/\/turismo.cdfdz.gob.mx\/wp-content\/uploads\/2025\/07\/WhatsApp-Image-2025-07-04-at-11.55.22-AM-2-768x431.jpeg",640,359,true],"large":["https:\/\/turismo.cdfdz.gob.mx\/wp-content\/uploads\/2025\/07\/WhatsApp-Image-2025-07-04-at-11.55.22-AM-2-1024x575.jpeg",640,359,true],"1536x1536":["https:\/\/turismo.cdfdz.gob.mx\/wp-content\/uploads\/2025\/07\/WhatsApp-Image-2025-07-04-at-11.55.22-AM-2-1536x862.jpeg",1536,862,true],"2048x2048":["https:\/\/turismo.cdfdz.gob.mx\/wp-content\/uploads\/2025\/07\/WhatsApp-Image-2025-07-04-at-11.55.22-AM-2.jpeg",1600,898,false],"morenews-featured":["https:\/\/turismo.cdfdz.gob.mx\/wp-content\/uploads\/2025\/07\/WhatsApp-Image-2025-07-04-at-11.55.22-AM-2-1024x575.jpeg",1024,575,true],"morenews-large":["https:\/\/turismo.cdfdz.gob.mx\/wp-content\/uploads\/2025\/07\/WhatsApp-Image-2025-07-04-at-11.55.22-AM-2-825x575.jpeg",825,575,true],"morenews-medium":["https:\/\/turismo.cdfdz.gob.mx\/wp-content\/uploads\/2025\/07\/WhatsApp-Image-2025-07-04-at-11.55.22-AM-2-590x410.jpeg",590,410,true]},"uagb_author_info":{"display_name":"admin","author_link":"https:\/\/turismo.cdfdz.gob.mx\/?author=3"},"uagb_comment_info":0,"uagb_excerpt":"La historia de El Refugio est\u00e1 estrechamente vinculada con la de Ciudad Fern\u00e1ndez. En 1694, al autorizarse la","_links":{"self":[{"href":"https:\/\/turismo.cdfdz.gob.mx\/index.php?rest_route=\/wp\/v2\/posts\/1156","targetHints":{"allow":["GET"]}}],"collection":[{"href":"https:\/\/turismo.cdfdz.gob.mx\/index.php?rest_route=\/wp\/v2\/posts"}],"about":[{"href":"https:\/\/turismo.cdfdz.gob.mx\/index.php?rest_route=\/wp\/v2\/types\/post"}],"author":[{"embeddable":true,"href":"https:\/\/turismo.cdfdz.gob.mx\/index.php?rest_route=\/wp\/v2\/users\/3"}],"replies":[{"embeddable":true,"href":"https:\/\/turismo.cdfdz.gob.mx\/index.php?rest_route=%2Fwp%2Fv2%2Fcomments&post=1156"}],"version-history":[{"count":6,"href":"https:\/\/turismo.cdfdz.gob.mx\/index.php?rest_route=\/wp\/v2\/posts\/1156\/revisions"}],"predecessor-version":[{"id":2236,"href":"https:\/\/turismo.cdfdz.gob.mx\/index.php?rest_route=\/wp\/v2\/posts\/1156\/revisions\/2236"}],"wp:featuredmedia":[{"embeddable":true,"href":"https:\/\/turismo.cdfdz.gob.mx\/index.php?rest_route=\/wp\/v2\/media\/1182"}],"wp:attachment":[{"href":"https:\/\/turismo.cdfdz.gob.mx\/index.php?rest_route=%2Fwp%2Fv2%2Fmedia&parent=1156"}],"wp:term":[{"taxonomy":"category","embeddable":true,"href":"https:\/\/turismo.cdfdz.gob.mx\/index.php?rest_route=%2Fwp%2Fv2%2Fcategories&post=1156"},{"taxonomy":"post_tag","embeddable":true,"href":"https:\/\/turismo.cdfdz.gob.mx\/index.php?rest_route=%2Fwp%2Fv2%2Ftags&post=1156"}],"curies":[{"name":"wp","href":"https:\/\/api.w.org\/{rel}","templated":true}]}}